{"id":3380,"date":"2026-08-14T13:04:32","date_gmt":"2026-08-14T16:04:32","guid":{"rendered":"https:\/\/vecordf.com.br\/site\/?p=3380"},"modified":"2026-08-30T01:22:49","modified_gmt":"2026-08-30T04:22:49","slug":"insuficiencia-cardiaca-sinais-precoces-que-nao-devem-ser-ignorados","status":"publish","type":"post","link":"https:\/\/vecordf.com.br\/site\/insuficiencia-cardiaca-sinais-precoces-que-nao-devem-ser-ignorados\/","title":{"rendered":"Insufici\u00eancia card\u00edaca: sinais precoces que n\u00e3o devem ser ignorados"},"content":{"rendered":"<p><b>INSUFICI\u00caNCIA CARD\u00cdACA: SINAIS PRECOCES QUE N\u00c3O DEVEM SER IGNORADOS<\/b><\/p>\n<p><span style=\"font-weight: 400;\">Insufici\u00eancia card\u00edaca n\u00e3o \u00e9 o cora\u00e7\u00e3o parar de funcionar. \u00c9 o cora\u00e7\u00e3o funcionando abaixo da sua capacidade, incapaz de bombear sangue em quantidade suficiente para atender \u00e0s demandas do organismo. E o que torna essa condi\u00e7\u00e3o t\u00e3o perigosa \u00e9 justamente o fato de seus sinais precoces serem facilmente confundidos com cansa\u00e7o comum, envelhecimento natural ou sedentarismo.<\/span><\/p>\n<p><span style=\"font-weight: 400;\">Na pr\u00e1tica cl\u00ednica, \u00e9 frequente que o diagn\u00f3stico chegue tarde. O paciente relata semanas ou meses de cansa\u00e7o progressivo, falta de ar ao subir escadas, pernas inchadas no final do dia, atribuindo tudo ao trabalho, ao calor ou \u00e0 falta de condicionamento f\u00edsico. Quando a investiga\u00e7\u00e3o come\u00e7a, a doen\u00e7a j\u00e1 est\u00e1 em est\u00e1gio mais avan\u00e7ado. Identificar os sinais precoces \u00e9 o que permite mudar esse cen\u00e1rio.<\/span><\/p>\n<p><span style=\"font-weight: 400;\">Neste artigo, voc\u00ea vai entender como a insufici\u00eancia card\u00edaca se instala, quais s\u00e3o os primeiros sinais que merecem aten\u00e7\u00e3o, o que diferencia sintomas benignos de sinais de alerta e quando a avalia\u00e7\u00e3o cardiol\u00f3gica \u00e9 necess\u00e1ria.<\/span><\/p>\n<p><b>O QUE \u00c9 INSUFICI\u00caNCIA CARD\u00cdACA E COMO ELA SE DESENVOLVE<\/b><\/p>\n<p><span style=\"font-weight: 400;\">Insufici\u00eancia card\u00edaca \u00e9 a condi\u00e7\u00e3o em que o cora\u00e7\u00e3o perde progressivamente sua capacidade de bombear o sangue de forma eficiente. Isso pode acontecer porque o m\u00fasculo card\u00edaco ficou fraco ap\u00f3s um infarto, porque a press\u00e3o arterial elevada exigiu demais do cora\u00e7\u00e3o por anos, porque v\u00e1lvulas card\u00edacas funcionam mal, ou por uma combina\u00e7\u00e3o de fatores.<\/span><\/p>\n<p><span style=\"font-weight: 400;\">O resultado pr\u00e1tico \u00e9 que os \u00f3rg\u00e3os e tecidos passam a receber menos sangue do que precisam. O organismo tenta compensar esse d\u00e9ficit ativando mecanismos de emerg\u00eancia: o cora\u00e7\u00e3o bate mais r\u00e1pido, os vasos se contraem para manter a press\u00e3o e os rins ret\u00eam l\u00edquido para aumentar o volume circulante. Esses mecanismos funcionam por um tempo, mas sobrecarregam ainda mais o cora\u00e7\u00e3o e aceleram a progress\u00e3o da doen\u00e7a.<\/span><\/p>\n<p><span style=\"font-weight: 400;\">\u00c9 por isso que os sintomas da insufici\u00eancia card\u00edaca surgem de forma gradual e insidiosa. O cora\u00e7\u00e3o compensa por meses ou anos antes que os sinais come\u00e7am a se tornar percept\u00edveis. E quando aparecem, frequentemente s\u00e3o interpretados como algo menos grave do que realmente s\u00e3o.<\/span><\/p>\n<p><b>SINAIS PRECOCES QUE COSTUMAM SER IGNORADOS<\/b><\/p>\n<p><span style=\"font-weight: 400;\">Reconhecer os primeiros sinais \u00e9 o passo mais importante para o diagn\u00f3stico precoce:<\/span><\/p>\n<ul>\n<li style=\"font-weight: 400;\" aria-level=\"1\"><b>Cansa\u00e7o desproporcional ao esfor\u00e7o:<\/b><span style=\"font-weight: 400;\"> o organismo que recebe menos sangue cansa mais r\u00e1pido. Atividades simples como subir escadas, caminhar uma dist\u00e2ncia curta ou carregar peso leve passam a gerar fadiga incomum<\/span><\/li>\n<li style=\"font-weight: 400;\" aria-level=\"1\"><b>Falta de ar ao deitar:<\/b><span style=\"font-weight: 400;\"> o l\u00edquido que se acumula nos pulm\u00f5es na insufici\u00eancia card\u00edaca piora na posi\u00e7\u00e3o horizontal. A necessidade de dormir com travesseiros extras ou de sentar para respirar melhor \u00e9 um sinal cl\u00e1ssico \u00e9 frequentemente subestimado<\/span><\/li>\n<li style=\"font-weight: 400;\" aria-level=\"1\"><b>Incha\u00e7o nos tornozelos e pernas no final do dia:<\/b><span style=\"font-weight: 400;\"> quando o cora\u00e7\u00e3o n\u00e3o bombeia com efici\u00eancia, o l\u00edquido se acumula nos membros inferiores por efeito gravitacional. O incha\u00e7o que melhora ao levantar os p\u00e9s \u00e9 t\u00edpico da insufici\u00eancia card\u00edaca<\/span><\/li>\n<li style=\"font-weight: 400;\" aria-level=\"1\"><b>Ganho de peso r\u00e1pido e inexplic\u00e1vel:<\/b><span style=\"font-weight: 400;\"> a reten\u00e7\u00e3o de l\u00edquido pode causar aumento de peso de dois a tr\u00eas quilos em poucos dias. Esse sinal \u00e9 monitorado de perto em pacientes com diagn\u00f3stico estabelecido<\/span><\/li>\n<li style=\"font-weight: 400;\" aria-level=\"1\"><b>Tosse seca persistente, especialmente \u00e0 noite:<\/b><span style=\"font-weight: 400;\"> o ac\u00famulo de l\u00edquido nos pulm\u00f5es pode provocar tosse cr\u00f4nica que piora ao deitar e melhora sentado<\/span><\/li>\n<li style=\"font-weight: 400;\" aria-level=\"1\"><b>Sensa\u00e7\u00e3o de cora\u00e7\u00e3o acelerado ou palpita\u00e7\u00f5es:<\/b><span style=\"font-weight: 400;\"> o cora\u00e7\u00e3o insuficiente frequentemente tenta compensar aumentando a frequ\u00eancia dos batimentos, o que pode ser percebido como palpita\u00e7\u00e3o ou<\/span><a href=\"https:\/\/vecordf.com.br\/site\/as-vezes-sinto-meu-coracao-falhando-isso-e-normal-descubra-quando-se-preocupar\/\"> <span style=\"font-weight: 400;\">sensa\u00e7\u00e3o de cora\u00e7\u00e3o falhando<\/span><\/a><\/li>\n<\/ul>\n<p><span style=\"font-weight: 400;\">Isoladamente, cada um desses sinais pode ter outras explica\u00e7\u00f5es. Em conjunto, ou quando aparecem de forma progressiva em uma mesma pessoa, formam um quadro que exige investiga\u00e7\u00e3o cardiol\u00f3gica.<\/span><\/p>\n<p><b>COMO A INSUFICI\u00caNCIA CARD\u00cdACA EVOLUI SEM TRATAMENTO<\/b><\/p>\n<p><span style=\"font-weight: 400;\">A insufici\u00eancia card\u00edaca \u00e9 uma condi\u00e7\u00e3o progressiva. Sem diagn\u00f3stico e tratamento adequados, ela avan\u00e7a por est\u00e1gios bem definidos:<\/span><\/p>\n<p><b>Est\u00e1gio inicial:<\/b><span style=\"font-weight: 400;\"> o cora\u00e7\u00e3o j\u00e1 tem altera\u00e7\u00f5es estruturais, mas o paciente ainda n\u00e3o sente sintomas em repouso. O cansa\u00e7o aparece apenas em esfor\u00e7os intensos.<\/span><\/p>\n<p><b>Est\u00e1gio intermedi\u00e1rio:<\/b><span style=\"font-weight: 400;\"> os sintomas surgem em esfor\u00e7os moderados. Atividades cotidianas como caminhar r\u00e1pido, subir escadas ou carregar compras passam a provocar falta de ar e fadiga importantes.<\/span><\/p>\n<p><b>Est\u00e1gio avan\u00e7ado:<\/b><span style=\"font-weight: 400;\"> os sintomas aparecem em repouso. O paciente sente falta de ar sentado, o incha\u00e7o \u00e9 persistente e o cora\u00e7\u00e3o est\u00e1 em esfor\u00e7o constante apenas para manter as fun\u00e7\u00f5es b\u00e1sicas.<\/span><\/p>\n<p><span style=\"font-weight: 400;\">Cada epis\u00f3dio de descompensa\u00e7\u00e3o, chamado de interna\u00e7\u00e3o por insufici\u00eancia card\u00edaca, tende a deixar o cora\u00e7\u00e3o mais fraco. Por isso o tratamento precoce n\u00e3o \u00e9 apenas para aliviar sintomas. \u00c9 para preservar a fun\u00e7\u00e3o card\u00edaca e reduzir a velocidade de progress\u00e3o da doen\u00e7a.<\/span><\/p>\n<p><b>PRINCIPAIS CAUSAS E FATORES DE RISCO<\/b><\/p>\n<p><span style=\"font-weight: 400;\">A insufici\u00eancia card\u00edaca \u00e9 quase sempre a consequ\u00eancia de outras doen\u00e7as cardiovasculares n\u00e3o tratadas ou mal controladas:<\/span><\/p>\n<ul>\n<li style=\"font-weight: 400;\" aria-level=\"1\"><b>Hipertens\u00e3o arterial:<\/b><span style=\"font-weight: 400;\"> a press\u00e3o alta cr\u00f4nica obriga o cora\u00e7\u00e3o a trabalhar contra uma resist\u00eancia maior por anos, at\u00e9 que o m\u00fasculo se sobrecarrega e come\u00e7a a perder fun\u00e7\u00e3o<\/span><\/li>\n<li style=\"font-weight: 400;\" aria-level=\"1\"><b>Infarto do mioc\u00e1rdio:<\/b><span style=\"font-weight: 400;\"> a cicatriz deixada pelo infarto \u00e9 uma \u00e1rea do m\u00fasculo card\u00edaco que n\u00e3o funciona mais, reduzindo a capacidade de bombeamento<\/span><\/li>\n<li style=\"font-weight: 400;\" aria-level=\"1\"><b>Diabetes:<\/b><span style=\"font-weight: 400;\"> a doen\u00e7a afeta diretamente os vasos coronarianos e o metabolismo do m\u00fasculo card\u00edaco, aumentando significativamente o risco de insufici\u00eancia<\/span><\/li>\n<li style=\"font-weight: 400;\" aria-level=\"1\"><b>Doen\u00e7a valvar:<\/b><span style=\"font-weight: 400;\"> v\u00e1lvulas card\u00edacas que funcionam mal sobrecarregam as c\u00e2maras do cora\u00e7\u00e3o e podem levar \u00e0 insufici\u00eancia ao longo do tempo<\/span><\/li>\n<li style=\"font-weight: 400;\" aria-level=\"1\"><b>Cardiomiopatias:<\/b><span style=\"font-weight: 400;\"> doen\u00e7as do pr\u00f3prio m\u00fasculo card\u00edaco, que podem ser gen\u00e9ticas, virais ou relacionadas ao \u00e1lcool e a outras toxinas<\/span><\/li>\n<li style=\"font-weight: 400;\" aria-level=\"1\"><b>Arritmias cr\u00f4nicas:<\/b><span style=\"font-weight: 400;\"> frequ\u00eancia card\u00edaca cronicamente elevada ou irregular compromete progressivamente a fun\u00e7\u00e3o de bombeamento<\/span><\/li>\n<\/ul>\n<p><span style=\"font-weight: 400;\">Controlar esses fatores de risco \u00e9 a principal forma de prevenir a insufici\u00eancia card\u00edaca. Quem j\u00e1 tem<\/span><a href=\"https:\/\/vecordf.com.br\/site\/voce-pode-ter-hipertensao-e-nao-saber\/\"> <span style=\"font-weight: 400;\">press\u00e3o alta sem saber<\/span><\/a><span style=\"font-weight: 400;\"> ou mant\u00e9m a hipertens\u00e3o sem controle adequado est\u00e1 acumulando risco silenciosamente.<\/span><\/p>\n<p><b>O QUE FAZER AO IDENTIFICAR SINTOMAS SUSPEITOS<\/b><\/p>\n<p><span style=\"font-weight: 400;\">Ao perceber qualquer um dos sinais descritos, especialmente se forem progressivos ou combinados, o primeiro passo \u00e9 buscar avalia\u00e7\u00e3o m\u00e9dica sem adiamento.<\/span><\/p>\n<p><span style=\"font-weight: 400;\">O cardiologista vai solicitar exames que avaliam diretamente a fun\u00e7\u00e3o do cora\u00e7\u00e3o: eletrocardiograma, ecocardiograma, exames de sangue incluindo marcadores card\u00edacos e, em alguns casos, exames de imagem mais espec\u00edficos. Com esses resultados, \u00e9 poss\u00edvel confirmar o diagn\u00f3stico, classificar a gravidade e iniciar o tratamento mais adequado.<\/span><\/p>\n<p><span style=\"font-weight: 400;\">O tratamento da insufici\u00eancia card\u00edaca evoluiu muito nas \u00faltimas d\u00e9cadas. Com medica\u00e7\u00e3o adequada, controle dos fatores de risco e acompanhamento regular, \u00e9 poss\u00edvel estabilizar a fun\u00e7\u00e3o card\u00edaca, reduzir os sintomas e melhorar significativamente a qualidade de vida.<\/span><\/p>\n<p><b>O QUE N\u00c3O FAZER QUANDO OS SINAIS APARECEM<\/b><\/p>\n<p><span style=\"font-weight: 400;\">Alguns comportamentos atrasam o diagn\u00f3stico e comprometem o progn\u00f3stico:<\/span><\/p>\n<ul>\n<li style=\"font-weight: 400;\" aria-level=\"1\"><b>Atribuir o cansa\u00e7o \u00e0 idade ou ao sedentarismo:<\/b><span style=\"font-weight: 400;\"> o cansa\u00e7o progressivo e desproporcional tem causa e merece investiga\u00e7\u00e3o, independente da idade<\/span><\/li>\n<li style=\"font-weight: 400;\" aria-level=\"1\"><b>Usar diur\u00e9ticos sem prescri\u00e7\u00e3o:<\/b><span style=\"font-weight: 400;\"> muitas pessoas com pernas inchadas tomam diur\u00e9ticos por conta pr\u00f3pria. Isso pode mascarar os sintomas sem tratar a causa e gerar desequil\u00edbrios eletrol\u00edticos perigosos<\/span><\/li>\n<li style=\"font-weight: 400;\" aria-level=\"1\"><b>Reduzir a ingest\u00e3o de l\u00edquidos sem orienta\u00e7\u00e3o:<\/b><span style=\"font-weight: 400;\"> o controle de l\u00edquidos na insufici\u00eancia card\u00edaca \u00e9 uma estrat\u00e9gia cl\u00ednica espec\u00edfica, n\u00e3o uma medida caseira. Fazer isso sem acompanhamento pode ser prejudicial<\/span><\/li>\n<li style=\"font-weight: 400;\" aria-level=\"1\"><b>Parar os medicamentos por se sentir bem:<\/b><span style=\"font-weight: 400;\"> assim como no colesterol e na hipertens\u00e3o, a melhora dos sintomas com tratamento n\u00e3o significa que a doen\u00e7a foi curada. Suspender a medica\u00e7\u00e3o sem orienta\u00e7\u00e3o causa reca\u00eddas graves<\/span><\/li>\n<li style=\"font-weight: 400;\" aria-level=\"1\"><b>Ignorar o ganho de peso r\u00e1pido:<\/b><span style=\"font-weight: 400;\"> dois quilos a mais em dois dias, sem mudan\u00e7a de alimenta\u00e7\u00e3o, \u00e9 um sinal de reten\u00e7\u00e3o de l\u00edquido que exige contato imediato com o m\u00e9dico<\/span><\/li>\n<\/ul>\n<p><b>QUANDO PROCURAR UM CARDIOLOGISTA COM URG\u00caNCIA<\/b><\/p>\n<p><span style=\"font-weight: 400;\">Alguns sinais indicam que a situa\u00e7\u00e3o exige avalia\u00e7\u00e3o sem demora:<\/span><\/p>\n<ul>\n<li style=\"font-weight: 400;\" aria-level=\"1\"><span style=\"font-weight: 400;\">Falta de ar intensa em repouso ou ao deitar<\/span><\/li>\n<li style=\"font-weight: 400;\" aria-level=\"1\"><span style=\"font-weight: 400;\">Falta de ar que acorda durante o sono<\/span><\/li>\n<li style=\"font-weight: 400;\" aria-level=\"1\"><span style=\"font-weight: 400;\">Incha\u00e7o nas pernas que se espalha para o abd\u00f4men<\/span><\/li>\n<li style=\"font-weight: 400;\" aria-level=\"1\"><span style=\"font-weight: 400;\">Ganho de peso r\u00e1pido e inexplic\u00e1vel em poucos dias<\/span><\/li>\n<li style=\"font-weight: 400;\" aria-level=\"1\"><span style=\"font-weight: 400;\">Tontura intensa ou desmaio<\/span><\/li>\n<li style=\"font-weight: 400;\" aria-level=\"1\"><a href=\"https:\/\/vecordf.com.br\/site\/palpitacoes-em-mulheres-quando-sao-normais-e-quando-podem-ser-arritmias\/\"><span style=\"font-weight: 400;\">Palpita\u00e7\u00f5es intensas<\/span><\/a><span style=\"font-weight: 400;\"> acompanhadas de falta de ar ou dor no peito<\/span><\/li>\n<\/ul>\n<p><span style=\"font-weight: 400;\">Em casos de falta de ar intensa ou dor no peito, o atendimento de emerg\u00eancia \u00e9 o caminho correto. N\u00e3o aguarde a consulta agendada.<\/span><\/p>\n<p><b>A IMPORT\u00c2NCIA DO DIAGN\u00d3STICO E DO ACOMPANHAMENTO ESPECIALIZADO<\/b><\/p>\n<p><span style=\"font-weight: 400;\">A insufici\u00eancia card\u00edaca \u00e9 uma das condi\u00e7\u00f5es cardiovasculares que mais exige acompanhamento cont\u00ednuo e personalizado. Cada paciente tem um perfil diferente: a causa da doen\u00e7a, o grau de comprometimento da fun\u00e7\u00e3o card\u00edaca, as comorbidades associadas e a resposta ao tratamento variam de forma significativa de um caso para outro.<\/span><\/p>\n<p><span style=\"font-weight: 400;\">O cardiologista monitora a evolu\u00e7\u00e3o da doen\u00e7a por meio de consultas regulares, exames peri\u00f3dicos e ajustes de medica\u00e7\u00e3o conforme necess\u00e1rio. Esse acompanhamento \u00e9 o que permite antecipar descompensa\u00e7\u00f5es, ajustar o tratamento antes que os sintomas se agravem e preservar a qualidade de vida ao longo do tempo.<\/span><\/p>\n<p><span style=\"font-weight: 400;\">Em Bras\u00edlia, na Asa Sul, a Vecor Especialidades M\u00e9dicas oferece acompanhamento cardiol\u00f3gico completo para pacientes com insufici\u00eancia card\u00edaca diagnosticada e para aqueles em investiga\u00e7\u00e3o de sintomas suspeitos, com avalia\u00e7\u00e3o funcional, ecocardiograma e defini\u00e7\u00e3o de conduta individualizada.<\/span><\/p>\n<p><b>PERGUNTAS FREQUENTES SOBRE INSUFICI\u00caNCIA CARD\u00cdACA<\/b><\/p>\n<ol>\n<li><b> Insufici\u00eancia card\u00edaca tem cura?<\/b><b><br \/>\n<\/b><span style=\"font-weight: 400;\">Na maioria dos casos, n\u00e3o tem cura, mas tem controle eficaz. Com tratamento adequado, muitos pacientes conseguem estabilizar a doen\u00e7a, reduzir os sintomas e manter boa qualidade de vida por muitos anos.<\/span><\/li>\n<li><b> Pernas inchadas sempre indicam problemas no cora\u00e7\u00e3o?<\/b><b><br \/>\n<\/b><span style=\"font-weight: 400;\">N\u00e3o necessariamente. O incha\u00e7o nos membros inferiores pode ter causas vasculares, renais, hormonais ou relacionadas a medicamentos. Mas quando acompanhado de cansa\u00e7o e falta de ar, a investiga\u00e7\u00e3o card\u00edaca \u00e9 priorit\u00e1ria.<\/span><\/li>\n<li><b> Insufici\u00eancia card\u00edaca \u00e9 a mesma coisa que infarto?<\/b><b><br \/>\n<\/b><span style=\"font-weight: 400;\">N\u00e3o. O infarto \u00e9 uma obstru\u00e7\u00e3o aguda de uma art\u00e9ria coron\u00e1ria. A insufici\u00eancia card\u00edaca \u00e9 uma condi\u00e7\u00e3o cr\u00f4nica de perda progressiva da fun\u00e7\u00e3o de bombeamento. O infarto pode causar insufici\u00eancia card\u00edaca, mas n\u00e3o s\u00e3o a mesma doen\u00e7a.<\/span><\/li>\n<li><b> Jovens podem ter insufici\u00eancia card\u00edaca?<\/b><b><br \/>\n<\/b><span style=\"font-weight: 400;\">Sim. Cardiomiopatias gen\u00e9ticas, miocardites virais e cardiopatias cong\u00eanitas podem causar insufici\u00eancia card\u00edaca em qualquer faixa et\u00e1ria, incluindo crian\u00e7as e adultos jovens.<\/span><\/li>\n<li><b> O cora\u00e7\u00e3o pode se recuperar depois da insufici\u00eancia card\u00edaca?<\/b><b><br \/>\n<\/b><span style=\"font-weight: 400;\">Em alguns casos sim, especialmente quando a causa \u00e9 trat\u00e1vel, como miocardite ou disfun\u00e7\u00e3o por arritmia corrigida. A chamada cardiomiopatia revers\u00edvel pode melhorar significativamente com o tratamento correto.<\/span><\/li>\n<li><b> Posso praticar exerc\u00edcios com insufici\u00eancia card\u00edaca?<\/b><b><br \/>\n<\/b><span style=\"font-weight: 400;\">Sim, com orienta\u00e7\u00e3o e avalia\u00e7\u00e3o cardiol\u00f3gica pr\u00e9via. A reabilita\u00e7\u00e3o cardiovascular supervisionada \u00e9 parte do tratamento e melhora a capacidade funcional e a qualidade de vida. O tipo, a intensidade e a frequ\u00eancia devem ser definidos pelo cardiologista.<\/span><\/li>\n<\/ol>\n<p><b>CONCLUS\u00c3O<\/b><\/p>\n<p><span style=\"font-weight: 400;\">A insufici\u00eancia card\u00edaca come\u00e7a antes dos sintomas graves. Ela se instala de forma silenciosa, avan\u00e7a por est\u00e1gios e d\u00e1 sinais que, quando reconhecidos cedo, permitem um tratamento muito mais eficaz.<\/span><\/p>\n<p><span style=\"font-weight: 400;\">Cansa\u00e7o progressivo, falta de ar ao deitar, pernas inchadas e ganho de peso r\u00e1pido n\u00e3o s\u00e3o sintomas para normalizar. S\u00e3o sinais que merecem investiga\u00e7\u00e3o. Quanto mais cedo o diagn\u00f3stico, maior a capacidade de preservar a fun\u00e7\u00e3o do cora\u00e7\u00e3o e a qualidade de vida.<\/span><\/p>\n<p><span style=\"font-weight: 400;\">Se voc\u00ea ou algu\u00e9m pr\u00f3ximo tem esses sintomas, ou se h\u00e1 fatores de risco como hipertens\u00e3o, diabetes ou hist\u00f3rico de infarto, n\u00e3o adie a avalia\u00e7\u00e3o. Na Vecor Especialidades M\u00e9dicas, em Bras\u00edlia, o cardiologista realiza investiga\u00e7\u00e3o completa da fun\u00e7\u00e3o card\u00edaca e define o acompanhamento mais adequado para cada caso.<\/span><\/p>\n","protected":false},"excerpt":{"rendered":"<p>Insufici\u00eancia card\u00edaca tem sinais que aparecem antes do diagn\u00f3stico. Saiba identificar os sintomas precoces e quando procurar avalia\u00e7\u00e3o cardiol\u00f3gica especializada.<\/p>\n","protected":false},"author":1,"featured_media":3371,"comment_status":"open","ping_status":"open","sticky":false,"template":"","format":"standard","meta":{"footnotes":""},"categories":[1],"tags":[],"class_list":["post-3380","post","type-post","status-publish","format-standard","has-post-thumbnail","hentry","category-blog"],"yoast_head":"<!-- This site is optimized with the Yoast SEO plugin v28.2 - https:\/\/yoast.com\/product\/yoast-seo-wordpress\/ -->\n<title>Insufici\u00eancia card\u00edaca: sinais precoces que n\u00e3o devem ser ignorados - VECor<\/title>\n<meta name=\"description\" content=\"Insufici\u00eancia card\u00edaca tem sinais que aparecem antes do diagn\u00f3stico. Saiba identificar os sintomas precoces e quando procurar avalia\u00e7\u00e3o cardiol\u00f3gica especializada.\" \/>\n<meta name=\"robots\" content=\"index, follow, max-snippet:-1, max-image-preview:large, max-video-preview:-1\" \/>\n<link rel=\"canonical\" href=\"https:\/\/vecordf.com.br\/site\/insuficiencia-cardiaca-sinais-precoces-que-nao-devem-ser-ignorados\/\" \/>\n<meta property=\"og:locale\" content=\"pt_BR\" \/>\n<meta property=\"og:type\" content=\"article\" \/>\n<meta property=\"og:title\" content=\"Insufici\u00eancia card\u00edaca: sinais precoces que n\u00e3o devem ser ignorados - VECor\" \/>\n<meta property=\"og:description\" content=\"Insufici\u00eancia card\u00edaca tem sinais que aparecem antes do diagn\u00f3stico. Saiba identificar os sintomas precoces e quando procurar avalia\u00e7\u00e3o cardiol\u00f3gica especializada.\" \/>\n<meta property=\"og:url\" content=\"https:\/\/vecordf.com.br\/site\/insuficiencia-cardiaca-sinais-precoces-que-nao-devem-ser-ignorados\/\" \/>\n<meta property=\"og:site_name\" content=\"VECor\" \/>\n<meta property=\"article:publisher\" content=\"https:\/\/www.facebook.com\/vecor.especialidades\" \/>\n<meta property=\"article:published_time\" content=\"2026-08-14T16:04:32+00:00\" \/>\n<meta property=\"article:modified_time\" content=\"2026-08-30T04:22:49+00:00\" \/>\n<meta property=\"og:image\" content=\"https:\/\/vecordf.com.br\/site\/wp-content\/uploads\/2026\/08\/4-INSUFICIENCIA-CARDIACA-SINAIS-PRECOCES-QUE-NAO-DEVEM-SER-IGNORADOS.webp\" \/>\n\t<meta property=\"og:image:width\" content=\"1200\" \/>\n\t<meta property=\"og:image:height\" content=\"896\" \/>\n\t<meta property=\"og:image:type\" content=\"image\/webp\" \/>\n<meta name=\"author\" content=\"VECor Especialidades\" \/>\n<meta name=\"twitter:card\" content=\"summary_large_image\" \/>\n<meta name=\"twitter:label1\" content=\"Escrito por\" \/>\n\t<meta name=\"twitter:data1\" content=\"VECor Especialidades\" \/>\n\t<meta name=\"twitter:label2\" content=\"Est. tempo de leitura\" \/>\n\t<meta name=\"twitter:data2\" content=\"10 minutos\" \/>\n<script type=\"application\/ld+json\" class=\"yoast-schema-graph\">{\"@context\":\"https:\\\/\\\/schema.org\",\"@graph\":[{\"@type\":\"Article\",\"@id\":\"https:\\\/\\\/vecordf.com.br\\\/site\\\/insuficiencia-cardiaca-sinais-precoces-que-nao-devem-ser-ignorados\\\/#article\",\"isPartOf\":{\"@id\":\"https:\\\/\\\/vecordf.com.br\\\/site\\\/insuficiencia-cardiaca-sinais-precoces-que-nao-devem-ser-ignorados\\\/\"},\"author\":{\"name\":\"VECor Especialidades\",\"@id\":\"https:\\\/\\\/vecordf.com.br\\\/site\\\/#\\\/schema\\\/person\\\/abc7be176c57a93d89dbbb4c1f000af9\"},\"headline\":\"Insufici\u00eancia card\u00edaca: sinais precoces que n\u00e3o devem ser ignorados\",\"datePublished\":\"2026-08-14T16:04:32+00:00\",\"dateModified\":\"2026-08-30T04:22:49+00:00\",\"mainEntityOfPage\":{\"@id\":\"https:\\\/\\\/vecordf.com.br\\\/site\\\/insuficiencia-cardiaca-sinais-precoces-que-nao-devem-ser-ignorados\\\/\"},\"wordCount\":2083,\"commentCount\":0,\"publisher\":{\"@id\":\"https:\\\/\\\/vecordf.com.br\\\/site\\\/#organization\"},\"image\":{\"@id\":\"https:\\\/\\\/vecordf.com.br\\\/site\\\/insuficiencia-cardiaca-sinais-precoces-que-nao-devem-ser-ignorados\\\/#primaryimage\"},\"thumbnailUrl\":\"https:\\\/\\\/vecordf.com.br\\\/site\\\/wp-content\\\/uploads\\\/2026\\\/08\\\/4-INSUFICIENCIA-CARDIACA-SINAIS-PRECOCES-QUE-NAO-DEVEM-SER-IGNORADOS.webp\",\"articleSection\":[\"Blog\"],\"inLanguage\":\"pt-BR\",\"potentialAction\":[{\"@type\":\"CommentAction\",\"name\":\"Comment\",\"target\":[\"https:\\\/\\\/vecordf.com.br\\\/site\\\/insuficiencia-cardiaca-sinais-precoces-que-nao-devem-ser-ignorados\\\/#respond\"]}]},{\"@type\":\"WebPage\",\"@id\":\"https:\\\/\\\/vecordf.com.br\\\/site\\\/insuficiencia-cardiaca-sinais-precoces-que-nao-devem-ser-ignorados\\\/\",\"url\":\"https:\\\/\\\/vecordf.com.br\\\/site\\\/insuficiencia-cardiaca-sinais-precoces-que-nao-devem-ser-ignorados\\\/\",\"name\":\"Insufici\u00eancia card\u00edaca: sinais precoces que n\u00e3o devem ser ignorados - VECor\",\"isPartOf\":{\"@id\":\"https:\\\/\\\/vecordf.com.br\\\/site\\\/#website\"},\"primaryImageOfPage\":{\"@id\":\"https:\\\/\\\/vecordf.com.br\\\/site\\\/insuficiencia-cardiaca-sinais-precoces-que-nao-devem-ser-ignorados\\\/#primaryimage\"},\"image\":{\"@id\":\"https:\\\/\\\/vecordf.com.br\\\/site\\\/insuficiencia-cardiaca-sinais-precoces-que-nao-devem-ser-ignorados\\\/#primaryimage\"},\"thumbnailUrl\":\"https:\\\/\\\/vecordf.com.br\\\/site\\\/wp-content\\\/uploads\\\/2026\\\/08\\\/4-INSUFICIENCIA-CARDIACA-SINAIS-PRECOCES-QUE-NAO-DEVEM-SER-IGNORADOS.webp\",\"datePublished\":\"2026-08-14T16:04:32+00:00\",\"dateModified\":\"2026-08-30T04:22:49+00:00\",\"description\":\"Insufici\u00eancia card\u00edaca tem sinais que aparecem antes do diagn\u00f3stico. Saiba identificar os sintomas precoces e quando procurar avalia\u00e7\u00e3o cardiol\u00f3gica especializada.\",\"breadcrumb\":{\"@id\":\"https:\\\/\\\/vecordf.com.br\\\/site\\\/insuficiencia-cardiaca-sinais-precoces-que-nao-devem-ser-ignorados\\\/#breadcrumb\"},\"inLanguage\":\"pt-BR\",\"potentialAction\":[{\"@type\":\"ReadAction\",\"target\":[\"https:\\\/\\\/vecordf.com.br\\\/site\\\/insuficiencia-cardiaca-sinais-precoces-que-nao-devem-ser-ignorados\\\/\"]}]},{\"@type\":\"ImageObject\",\"inLanguage\":\"pt-BR\",\"@id\":\"https:\\\/\\\/vecordf.com.br\\\/site\\\/insuficiencia-cardiaca-sinais-precoces-que-nao-devem-ser-ignorados\\\/#primaryimage\",\"url\":\"https:\\\/\\\/vecordf.com.br\\\/site\\\/wp-content\\\/uploads\\\/2026\\\/08\\\/4-INSUFICIENCIA-CARDIACA-SINAIS-PRECOCES-QUE-NAO-DEVEM-SER-IGNORADOS.webp\",\"contentUrl\":\"https:\\\/\\\/vecordf.com.br\\\/site\\\/wp-content\\\/uploads\\\/2026\\\/08\\\/4-INSUFICIENCIA-CARDIACA-SINAIS-PRECOCES-QUE-NAO-DEVEM-SER-IGNORADOS.webp\",\"width\":1200,\"height\":896},{\"@type\":\"BreadcrumbList\",\"@id\":\"https:\\\/\\\/vecordf.com.br\\\/site\\\/insuficiencia-cardiaca-sinais-precoces-que-nao-devem-ser-ignorados\\\/#breadcrumb\",\"itemListElement\":[{\"@type\":\"ListItem\",\"position\":1,\"name\":\"In\u00edcio\",\"item\":\"https:\\\/\\\/vecordf.com.br\\\/site\\\/\"},{\"@type\":\"ListItem\",\"position\":2,\"name\":\"Insufici\u00eancia card\u00edaca: sinais precoces que n\u00e3o devem ser ignorados\"}]},{\"@type\":\"WebSite\",\"@id\":\"https:\\\/\\\/vecordf.com.br\\\/site\\\/#website\",\"url\":\"https:\\\/\\\/vecordf.com.br\\\/site\\\/\",\"name\":\"VECor\",\"description\":\"Especialidades M\u00e9dicas\",\"publisher\":{\"@id\":\"https:\\\/\\\/vecordf.com.br\\\/site\\\/#organization\"},\"potentialAction\":[{\"@type\":\"SearchAction\",\"target\":{\"@type\":\"EntryPoint\",\"urlTemplate\":\"https:\\\/\\\/vecordf.com.br\\\/site\\\/?s={search_term_string}\"},\"query-input\":{\"@type\":\"PropertyValueSpecification\",\"valueRequired\":true,\"valueName\":\"search_term_string\"}}],\"inLanguage\":\"pt-BR\"},{\"@type\":\"Organization\",\"@id\":\"https:\\\/\\\/vecordf.com.br\\\/site\\\/#organization\",\"name\":\"VECor\",\"url\":\"https:\\\/\\\/vecordf.com.br\\\/site\\\/\",\"logo\":{\"@type\":\"ImageObject\",\"inLanguage\":\"pt-BR\",\"@id\":\"https:\\\/\\\/vecordf.com.br\\\/site\\\/#\\\/schema\\\/logo\\\/image\\\/\",\"url\":\"https:\\\/\\\/vecordf.com.br\\\/site\\\/wp-content\\\/uploads\\\/2024\\\/08\\\/webp__LOGO-VERTICAL.webp\",\"contentUrl\":\"https:\\\/\\\/vecordf.com.br\\\/site\\\/wp-content\\\/uploads\\\/2024\\\/08\\\/webp__LOGO-VERTICAL.webp\",\"width\":1384,\"height\":352,\"caption\":\"VECor\"},\"image\":{\"@id\":\"https:\\\/\\\/vecordf.com.br\\\/site\\\/#\\\/schema\\\/logo\\\/image\\\/\"},\"sameAs\":[\"https:\\\/\\\/www.facebook.com\\\/vecor.especialidades\",\"https:\\\/\\\/www.instagram.com\\\/vecor.especialidades\\\/\",\"https:\\\/\\\/www.youtube.com\\\/channel\\\/UC9BWzeG8aRbBTCdVrPyVgeA\"]},{\"@type\":\"Person\",\"@id\":\"https:\\\/\\\/vecordf.com.br\\\/site\\\/#\\\/schema\\\/person\\\/abc7be176c57a93d89dbbb4c1f000af9\",\"name\":\"VECor Especialidades\",\"image\":{\"@type\":\"ImageObject\",\"inLanguage\":\"pt-BR\",\"@id\":\"https:\\\/\\\/vecordf.com.br\\\/site\\\/wp-content\\\/litespeed\\\/avatar\\\/cf4bfec76498f26c14cff301ed53c9be.jpg?ver=1788276995\",\"url\":\"https:\\\/\\\/vecordf.com.br\\\/site\\\/wp-content\\\/litespeed\\\/avatar\\\/cf4bfec76498f26c14cff301ed53c9be.jpg?ver=1788276995\",\"contentUrl\":\"https:\\\/\\\/vecordf.com.br\\\/site\\\/wp-content\\\/litespeed\\\/avatar\\\/cf4bfec76498f26c14cff301ed53c9be.jpg?ver=1788276995\",\"caption\":\"VECor Especialidades\"},\"sameAs\":[\"http:\\\/\\\/vecordf1.hospedagemdesites.ws\"],\"url\":\"https:\\\/\\\/vecordf.com.br\\\/site\\\/author\\\/admin\\\/\"}]}<\/script>\n<!-- \/ Yoast SEO plugin. -->","yoast_head_json":{"title":"Insufici\u00eancia card\u00edaca: sinais precoces que n\u00e3o devem ser ignorados - VECor","description":"Insufici\u00eancia card\u00edaca tem sinais que aparecem antes do diagn\u00f3stico. Saiba identificar os sintomas precoces e quando procurar avalia\u00e7\u00e3o cardiol\u00f3gica especializada.","robots":{"index":"index","follow":"follow","max-snippet":"max-snippet:-1","max-image-preview":"max-image-preview:large","max-video-preview":"max-video-preview:-1"},"canonical":"https:\/\/vecordf.com.br\/site\/insuficiencia-cardiaca-sinais-precoces-que-nao-devem-ser-ignorados\/","og_locale":"pt_BR","og_type":"article","og_title":"Insufici\u00eancia card\u00edaca: sinais precoces que n\u00e3o devem ser ignorados - VECor","og_description":"Insufici\u00eancia card\u00edaca tem sinais que aparecem antes do diagn\u00f3stico. Saiba identificar os sintomas precoces e quando procurar avalia\u00e7\u00e3o cardiol\u00f3gica especializada.","og_url":"https:\/\/vecordf.com.br\/site\/insuficiencia-cardiaca-sinais-precoces-que-nao-devem-ser-ignorados\/","og_site_name":"VECor","article_publisher":"https:\/\/www.facebook.com\/vecor.especialidades","article_published_time":"2026-08-14T16:04:32+00:00","article_modified_time":"2026-08-30T04:22:49+00:00","og_image":[{"width":1200,"height":896,"url":"https:\/\/vecordf.com.br\/site\/wp-content\/uploads\/2026\/08\/4-INSUFICIENCIA-CARDIACA-SINAIS-PRECOCES-QUE-NAO-DEVEM-SER-IGNORADOS.webp","type":"image\/webp"}],"author":"VECor Especialidades","twitter_card":"summary_large_image","twitter_misc":{"Escrito por":"VECor Especialidades","Est. tempo de leitura":"10 minutos"},"schema":{"@context":"https:\/\/schema.org","@graph":[{"@type":"Article","@id":"https:\/\/vecordf.com.br\/site\/insuficiencia-cardiaca-sinais-precoces-que-nao-devem-ser-ignorados\/#article","isPartOf":{"@id":"https:\/\/vecordf.com.br\/site\/insuficiencia-cardiaca-sinais-precoces-que-nao-devem-ser-ignorados\/"},"author":{"name":"VECor Especialidades","@id":"https:\/\/vecordf.com.br\/site\/#\/schema\/person\/abc7be176c57a93d89dbbb4c1f000af9"},"headline":"Insufici\u00eancia card\u00edaca: sinais precoces que n\u00e3o devem ser ignorados","datePublished":"2026-08-14T16:04:32+00:00","dateModified":"2026-08-30T04:22:49+00:00","mainEntityOfPage":{"@id":"https:\/\/vecordf.com.br\/site\/insuficiencia-cardiaca-sinais-precoces-que-nao-devem-ser-ignorados\/"},"wordCount":2083,"commentCount":0,"publisher":{"@id":"https:\/\/vecordf.com.br\/site\/#organization"},"image":{"@id":"https:\/\/vecordf.com.br\/site\/insuficiencia-cardiaca-sinais-precoces-que-nao-devem-ser-ignorados\/#primaryimage"},"thumbnailUrl":"https:\/\/vecordf.com.br\/site\/wp-content\/uploads\/2026\/08\/4-INSUFICIENCIA-CARDIACA-SINAIS-PRECOCES-QUE-NAO-DEVEM-SER-IGNORADOS.webp","articleSection":["Blog"],"inLanguage":"pt-BR","potentialAction":[{"@type":"CommentAction","name":"Comment","target":["https:\/\/vecordf.com.br\/site\/insuficiencia-cardiaca-sinais-precoces-que-nao-devem-ser-ignorados\/#respond"]}]},{"@type":"WebPage","@id":"https:\/\/vecordf.com.br\/site\/insuficiencia-cardiaca-sinais-precoces-que-nao-devem-ser-ignorados\/","url":"https:\/\/vecordf.com.br\/site\/insuficiencia-cardiaca-sinais-precoces-que-nao-devem-ser-ignorados\/","name":"Insufici\u00eancia card\u00edaca: sinais precoces que n\u00e3o devem ser ignorados - VECor","isPartOf":{"@id":"https:\/\/vecordf.com.br\/site\/#website"},"primaryImageOfPage":{"@id":"https:\/\/vecordf.com.br\/site\/insuficiencia-cardiaca-sinais-precoces-que-nao-devem-ser-ignorados\/#primaryimage"},"image":{"@id":"https:\/\/vecordf.com.br\/site\/insuficiencia-cardiaca-sinais-precoces-que-nao-devem-ser-ignorados\/#primaryimage"},"thumbnailUrl":"https:\/\/vecordf.com.br\/site\/wp-content\/uploads\/2026\/08\/4-INSUFICIENCIA-CARDIACA-SINAIS-PRECOCES-QUE-NAO-DEVEM-SER-IGNORADOS.webp","datePublished":"2026-08-14T16:04:32+00:00","dateModified":"2026-08-30T04:22:49+00:00","description":"Insufici\u00eancia card\u00edaca tem sinais que aparecem antes do diagn\u00f3stico. Saiba identificar os sintomas precoces e quando procurar avalia\u00e7\u00e3o cardiol\u00f3gica especializada.","breadcrumb":{"@id":"https:\/\/vecordf.com.br\/site\/insuficiencia-cardiaca-sinais-precoces-que-nao-devem-ser-ignorados\/#breadcrumb"},"inLanguage":"pt-BR","potentialAction":[{"@type":"ReadAction","target":["https:\/\/vecordf.com.br\/site\/insuficiencia-cardiaca-sinais-precoces-que-nao-devem-ser-ignorados\/"]}]},{"@type":"ImageObject","inLanguage":"pt-BR","@id":"https:\/\/vecordf.com.br\/site\/insuficiencia-cardiaca-sinais-precoces-que-nao-devem-ser-ignorados\/#primaryimage","url":"https:\/\/vecordf.com.br\/site\/wp-content\/uploads\/2026\/08\/4-INSUFICIENCIA-CARDIACA-SINAIS-PRECOCES-QUE-NAO-DEVEM-SER-IGNORADOS.webp","contentUrl":"https:\/\/vecordf.com.br\/site\/wp-content\/uploads\/2026\/08\/4-INSUFICIENCIA-CARDIACA-SINAIS-PRECOCES-QUE-NAO-DEVEM-SER-IGNORADOS.webp","width":1200,"height":896},{"@type":"BreadcrumbList","@id":"https:\/\/vecordf.com.br\/site\/insuficiencia-cardiaca-sinais-precoces-que-nao-devem-ser-ignorados\/#breadcrumb","itemListElement":[{"@type":"ListItem","position":1,"name":"In\u00edcio","item":"https:\/\/vecordf.com.br\/site\/"},{"@type":"ListItem","position":2,"name":"Insufici\u00eancia card\u00edaca: sinais precoces que n\u00e3o devem ser ignorados"}]},{"@type":"WebSite","@id":"https:\/\/vecordf.com.br\/site\/#website","url":"https:\/\/vecordf.com.br\/site\/","name":"VECor","description":"Especialidades M\u00e9dicas","publisher":{"@id":"https:\/\/vecordf.com.br\/site\/#organization"},"potentialAction":[{"@type":"SearchAction","target":{"@type":"EntryPoint","urlTemplate":"https:\/\/vecordf.com.br\/site\/?s={search_term_string}"},"query-input":{"@type":"PropertyValueSpecification","valueRequired":true,"valueName":"search_term_string"}}],"inLanguage":"pt-BR"},{"@type":"Organization","@id":"https:\/\/vecordf.com.br\/site\/#organization","name":"VECor","url":"https:\/\/vecordf.com.br\/site\/","logo":{"@type":"ImageObject","inLanguage":"pt-BR","@id":"https:\/\/vecordf.com.br\/site\/#\/schema\/logo\/image\/","url":"https:\/\/vecordf.com.br\/site\/wp-content\/uploads\/2024\/08\/webp__LOGO-VERTICAL.webp","contentUrl":"https:\/\/vecordf.com.br\/site\/wp-content\/uploads\/2024\/08\/webp__LOGO-VERTICAL.webp","width":1384,"height":352,"caption":"VECor"},"image":{"@id":"https:\/\/vecordf.com.br\/site\/#\/schema\/logo\/image\/"},"sameAs":["https:\/\/www.facebook.com\/vecor.especialidades","https:\/\/www.instagram.com\/vecor.especialidades\/","https:\/\/www.youtube.com\/channel\/UC9BWzeG8aRbBTCdVrPyVgeA"]},{"@type":"Person","@id":"https:\/\/vecordf.com.br\/site\/#\/schema\/person\/abc7be176c57a93d89dbbb4c1f000af9","name":"VECor Especialidades","image":{"@type":"ImageObject","inLanguage":"pt-BR","@id":"https:\/\/vecordf.com.br\/site\/wp-content\/litespeed\/avatar\/cf4bfec76498f26c14cff301ed53c9be.jpg?ver=1788276995","url":"https:\/\/vecordf.com.br\/site\/wp-content\/litespeed\/avatar\/cf4bfec76498f26c14cff301ed53c9be.jpg?ver=1788276995","contentUrl":"https:\/\/vecordf.com.br\/site\/wp-content\/litespeed\/avatar\/cf4bfec76498f26c14cff301ed53c9be.jpg?ver=1788276995","caption":"VECor Especialidades"},"sameAs":["http:\/\/vecordf1.hospedagemdesites.ws"],"url":"https:\/\/vecordf.com.br\/site\/author\/admin\/"}]}},"_links":{"self":[{"href":"https:\/\/vecordf.com.br\/site\/wp-json\/wp\/v2\/posts\/3380","targetHints":{"allow":["GET"]}}],"collection":[{"href":"https:\/\/vecordf.com.br\/site\/wp-json\/wp\/v2\/posts"}],"about":[{"href":"https:\/\/vecordf.com.br\/site\/wp-json\/wp\/v2\/types\/post"}],"author":[{"embeddable":true,"href":"https:\/\/vecordf.com.br\/site\/wp-json\/wp\/v2\/users\/1"}],"replies":[{"embeddable":true,"href":"https:\/\/vecordf.com.br\/site\/wp-json\/wp\/v2\/comments?post=3380"}],"version-history":[{"count":1,"href":"https:\/\/vecordf.com.br\/site\/wp-json\/wp\/v2\/posts\/3380\/revisions"}],"predecessor-version":[{"id":3381,"href":"https:\/\/vecordf.com.br\/site\/wp-json\/wp\/v2\/posts\/3380\/revisions\/3381"}],"wp:featuredmedia":[{"embeddable":true,"href":"https:\/\/vecordf.com.br\/site\/wp-json\/wp\/v2\/media\/3371"}],"wp:attachment":[{"href":"https:\/\/vecordf.com.br\/site\/wp-json\/wp\/v2\/media?parent=3380"}],"wp:term":[{"taxonomy":"category","embeddable":true,"href":"https:\/\/vecordf.com.br\/site\/wp-json\/wp\/v2\/categories?post=3380"},{"taxonomy":"post_tag","embeddable":true,"href":"https:\/\/vecordf.com.br\/site\/wp-json\/wp\/v2\/tags?post=3380"}],"curies":[{"name":"wp","href":"https:\/\/api.w.org\/{rel}","templated":true}]}}