{"id":3386,"date":"2026-08-25T13:13:07","date_gmt":"2026-08-25T16:13:07","guid":{"rendered":"https:\/\/vecordf.com.br\/site\/?p=3386"},"modified":"2026-08-30T01:22:27","modified_gmt":"2026-08-30T04:22:27","slug":"resfriado-em-criancas-quando-e-normal-e-quando-preocupar-os-pais","status":"publish","type":"post","link":"https:\/\/vecordf.com.br\/site\/resfriado-em-criancas-quando-e-normal-e-quando-preocupar-os-pais\/","title":{"rendered":"Resfriado em crian\u00e7as: quando \u00e9 normal e quando preocupar os pais?"},"content":{"rendered":"<p><b>RESFRIADO EM CRIAN\u00c7AS: QUANDO \u00c9 NORMAL E QUANDO PREOCUPAR OS PAIS?<\/b><\/p>\n<p><span style=\"font-weight: 400;\">Crian\u00e7a com resfriado \u00e9 uma das situa\u00e7\u00f5es mais comuns da pediatria e, ao mesmo tempo, uma das que mais gera d\u00favida nos pais: dar rem\u00e9dio ou n\u00e3o, ir ao m\u00e9dico ou aguardar, deixar na escola ou ficar em casa. O resfriado comum \u00e9 quase sempre autolimitado e n\u00e3o representa risco s\u00e9rio. Mas alguns sinais, quando ignorados, podem transformar um quadro simples em algo que exige aten\u00e7\u00e3o especializada.<\/span><\/p>\n<p><span style=\"font-weight: 400;\">O problema n\u00e3o \u00e9 o resfriado em si. \u00c9 saber reconhecer quando ele est\u00e1 seguindo o curso normal e quando est\u00e1 evoluindo para algo que precisa de avalia\u00e7\u00e3o. Essa distin\u00e7\u00e3o \u00e9 o que torna pais mais seguros e crian\u00e7as mais bem cuidadas, sem exageros em nenhum dos lados.<\/span><\/p>\n<p><span style=\"font-weight: 400;\">Neste artigo, voc\u00ea vai entender o que \u00e9 o resfriado comum em crian\u00e7as, como ele evolui, o que alivia os sintomas, quais sinais indicam complica\u00e7\u00e3o e quando levar a crian\u00e7a ao pediatra.<\/span><\/p>\n<p><b>O QUE \u00c9 O RESFRIADO COMUM EM CRIAN\u00c7AS?<\/b><\/p>\n<p><span style=\"font-weight: 400;\">O resfriado comum \u00e9 uma infec\u00e7\u00e3o viral das vias a\u00e9reas superiores, causada principalmente por rinov\u00edrus, mas tamb\u00e9m por adenov\u00edrus, coronav\u00edrus e outros agentes. \u00c9 a doen\u00e7a infecciosa mais frequente na inf\u00e2ncia, e crian\u00e7as em idade escolar podem apresentar de seis a oito epis\u00f3dios por ano, especialmente nos meses mais frios.<\/span><\/p>\n<p><span style=\"font-weight: 400;\">Essa frequ\u00eancia alta n\u00e3o indica problema imunol\u00f3gico. \u00c9 parte do desenvolvimento natural do sistema imune. Cada infec\u00e7\u00e3o ensina o organismo a reconhecer e combater v\u00edrus, construindo mem\u00f3ria imunol\u00f3gica ao longo do tempo. Por isso crian\u00e7as adoecem mais do que adultos, e isso \u00e9 esperado.<\/span><\/p>\n<p><span style=\"font-weight: 400;\">O cont\u00e1gio acontece pelo contato com secre\u00e7\u00f5es respirat\u00f3rias, seja diretamente ou por superf\u00edcies contaminadas. Ambientes fechados, creches, escolas e transporte coletivo facilitam a circula\u00e7\u00e3o dos v\u00edrus, especialmente no outono e no inverno.<\/span><\/p>\n<p><b>COMO O RESFRIADO EVOLUI: O QUE \u00c9 ESPERADO<\/b><\/p>\n<p><span style=\"font-weight: 400;\">Conhecer o curso t\u00edpico do resfriado \u00e9 o que permite aos pais distinguir o que \u00e9 normal do que merece aten\u00e7\u00e3o:<\/span><\/p>\n<p><b>Dias 1 e 2:<\/b><span style=\"font-weight: 400;\"> in\u00edcio com coriza clara, espirros, leve irritabilidade e, em alguns casos, febre baixa. A crian\u00e7a pode estar mais sonolenta e com menos apetite.<\/span><\/p>\n<p><b>Dias 3 e 4:<\/b><span style=\"font-weight: 400;\"> pico dos sintomas. A coriza pode engrossar e ficar amarelada ou esverdeada, o que n\u00e3o indica necessariamente infec\u00e7\u00e3o bacteriana. Tosse seca pode aparecer. Febre, quando presente, geralmente n\u00e3o ultrapassa 38,5\u00b0C.<\/span><\/p>\n<p><b>Dias 5 ao 7:<\/b><span style=\"font-weight: 400;\"> melhora progressiva. A tosse pode persistir por mais tempo, mas os outros sintomas v\u00e3o cedendo. A crian\u00e7a volta ao comportamento habitual.<\/span><\/p>\n<p><b>Ap\u00f3s o dia 10:<\/b><span style=\"font-weight: 400;\"> se os sintomas persistirem ou piorarem ap\u00f3s esse per\u00edodo, \u00e9 sinal de que algo al\u00e9m do resfriado simples pode estar acontecendo, como sinusite bacteriana, otite ou infec\u00e7\u00e3o pulmonar.<\/span><\/p>\n<p><b>O QUE ALIVIA OS SINTOMAS SEM REM\u00c9DIO<\/b><\/p>\n<p><span style=\"font-weight: 400;\">O resfriado n\u00e3o tem tratamento antiviral espec\u00edfico. O manejo \u00e9 de suporte, com medidas que aliviam os sintomas e confortam a crian\u00e7a:<\/span><\/p>\n<ul>\n<li style=\"font-weight: 400;\" aria-level=\"1\"><b>Hidrata\u00e7\u00e3o adequada:<\/b><span style=\"font-weight: 400;\"> l\u00edquidos frequentes ajudam a fluidificar as secre\u00e7\u00f5es e mant\u00eam o organismo funcionando bem durante a infec\u00e7\u00e3o<\/span><\/li>\n<li style=\"font-weight: 400;\" aria-level=\"1\"><b>Lavagem nasal com soro fisiol\u00f3gico:<\/b><span style=\"font-weight: 400;\"> desobstruir as narinas, facilita a respira\u00e7\u00e3o e reduz o desconforto, especialmente em beb\u00eas que ainda n\u00e3o conseguem assoar o nariz<\/span><\/li>\n<li style=\"font-weight: 400;\" aria-level=\"1\"><b>Umidifica\u00e7\u00e3o do ambiente:<\/b><span style=\"font-weight: 400;\"> ar seco resseca as mucosas e piora a tosse. Um umidificador ou bacia com \u00e1gua no ambiente ajuda, especialmente \u00e0 noite<\/span><\/li>\n<li style=\"font-weight: 400;\" aria-level=\"1\"><b>Eleva\u00e7\u00e3o da cabeceira:<\/b><span style=\"font-weight: 400;\"> ajuda a reduzir o gotejamento p\u00f3s-nasal e melhora o desconforto respirat\u00f3rio durante o sono<\/span><\/li>\n<li style=\"font-weight: 400;\" aria-level=\"1\"><b>Repouso relativo:<\/b><span style=\"font-weight: 400;\"> a crian\u00e7a n\u00e3o precisa ficar absolutamente parada, mas atividades intensas devem ser reduzidas durante os dias de maior sintoma<\/span><\/li>\n<li style=\"font-weight: 400;\" aria-level=\"1\"><b>Alimenta\u00e7\u00e3o leve e fracionada:<\/b><span style=\"font-weight: 400;\"> crian\u00e7as com resfriado frequentemente t\u00eam menos apetite. Oferecer refei\u00e7\u00f5es menores e mais frequentes reduz o desconforto<\/span><\/li>\n<\/ul>\n<p><b>QUANDO USAR MEDICAMENTOS E QUAIS EVITAR<\/b><\/p>\n<p><span style=\"font-weight: 400;\">O uso de medicamentos no resfriado infantil deve ser sempre orientado pelo pediatra. Algumas considera\u00e7\u00f5es importantes:<\/span><\/p>\n<ul>\n<li style=\"font-weight: 400;\" aria-level=\"1\"><b>Antit\u00e9rmicos:<\/b><span style=\"font-weight: 400;\"> paracetamol ou ibuprofeno s\u00e3o indicados quando a febre causa desconforto significativo ou ultrapassa 38\u00b0C em crian\u00e7as menores. A decis\u00e3o sobre tratar a febre deve considerar o comportamento da crian\u00e7a, n\u00e3o apenas o n\u00famero<\/span><\/li>\n<li style=\"font-weight: 400;\" aria-level=\"1\"><b>Descongestionantes nasais orais:<\/b><span style=\"font-weight: 400;\"> n\u00e3o s\u00e3o recomendados para crian\u00e7as menores de 6 anos e t\u00eam efic\u00e1cia question\u00e1vel. Devem ser evitados sem prescri\u00e7\u00e3o m\u00e9dica<\/span><\/li>\n<li style=\"font-weight: 400;\" aria-level=\"1\"><b>Xaropes para tosse:<\/b><span style=\"font-weight: 400;\"> a maioria dos xaropes dispon\u00edveis sem receita n\u00e3o tem efic\u00e1cia comprovada em crian\u00e7as e alguns cont\u00eam subst\u00e2ncias n\u00e3o recomendadas para a faixa et\u00e1ria. Nunca utilizar sem orienta\u00e7\u00e3o pedi\u00e1trica<\/span><\/li>\n<li style=\"font-weight: 400;\" aria-level=\"1\"><b>Antibi\u00f3ticos:<\/b><span style=\"font-weight: 400;\"> o resfriado \u00e9 causado por v\u00edrus. Antibi\u00f3ticos n\u00e3o t\u00eam efeito sobre v\u00edrus e n\u00e3o devem ser utilizados a menos que haja confirma\u00e7\u00e3o de infec\u00e7\u00e3o bacteriana secund\u00e1ria<\/span><\/li>\n<\/ul>\n<p><b>O QUE N\u00c3O FAZER DURANTE O RESFRIADO INFANTIL<\/b><\/p>\n<p><span style=\"font-weight: 400;\">Alguns erros comuns podem prolongar o desconforto ou causar complica\u00e7\u00f5es:<\/span><\/p>\n<ul>\n<li style=\"font-weight: 400;\" aria-level=\"1\"><b>Usar aspirina em crian\u00e7as:<\/b><span style=\"font-weight: 400;\"> a aspirina est\u00e1 contraindicada em menores de 18 anos com infec\u00e7\u00f5es virais pelo risco de s\u00edndrome de Reye, uma condi\u00e7\u00e3o grave que afeta o f\u00edgado e o c\u00e9rebro<\/span><\/li>\n<li style=\"font-weight: 400;\" aria-level=\"1\"><b>Administrar medicamentos de adulto em doses reduzidas:<\/b><span style=\"font-weight: 400;\"> a farmacologia pedi\u00e1trica \u00e9 diferente. Medicamentos de adulto n\u00e3o devem ser adaptados para crian\u00e7as<\/span><\/li>\n<li style=\"font-weight: 400;\" aria-level=\"1\"><b>Manter a crian\u00e7a na escola com sintomas ativos:<\/b><span style=\"font-weight: 400;\"> al\u00e9m de n\u00e3o se recuperar adequadamente, a crian\u00e7a contagia outras crian\u00e7as. Febre, coriza intensa e mal-estar justificam afastamento<\/span><\/li>\n<li style=\"font-weight: 400;\" aria-level=\"1\"><b>Ignorar a piora ap\u00f3s melhora inicial:<\/b><span style=\"font-weight: 400;\"> um per\u00edodo de melhora seguido de piora s\u00fabita, especialmente com febre alta e dor localizada, pode indicar complica\u00e7\u00e3o bacteriana<\/span><\/li>\n<li style=\"font-weight: 400;\" aria-level=\"1\"><b>Usar antibi\u00f3tico por conta pr\u00f3pria:<\/b><span style=\"font-weight: 400;\"> al\u00e9m de ineficaz, o uso inadequado de antibi\u00f3ticos contribui para resist\u00eancia bacteriana e pode causar efeitos adversos desnecess\u00e1rios<\/span><\/li>\n<\/ul>\n<p><b>SINAIS DE ALERTA: QUANDO PROCURAR O PEDIATRA<\/b><\/p>\n<p><span style=\"font-weight: 400;\">Alguns sinais indicam que o resfriado saiu do curso esperado e exige avalia\u00e7\u00e3o:<\/span><\/p>\n<ul>\n<li style=\"font-weight: 400;\" aria-level=\"1\"><span style=\"font-weight: 400;\">Febre acima de 39\u00b0C que n\u00e3o cede com antit\u00e9rmico, ou febre em beb\u00eas menores de 3 meses independente da temperatura<\/span><\/li>\n<li style=\"font-weight: 400;\" aria-level=\"1\"><span style=\"font-weight: 400;\">Dificuldade para respirar, respira\u00e7\u00e3o r\u00e1pida ou batimento das narinas<\/span><\/li>\n<li style=\"font-weight: 400;\" aria-level=\"1\"><span style=\"font-weight: 400;\">Chiado no peito ou tosse com altera\u00e7\u00e3o do padr\u00e3o respirat\u00f3rio<\/span><\/li>\n<li style=\"font-weight: 400;\" aria-level=\"1\"><span style=\"font-weight: 400;\">Dor de ouvido intensa ou secre\u00e7\u00e3o pelo canal auditivo<\/span><\/li>\n<li style=\"font-weight: 400;\" aria-level=\"1\"><span style=\"font-weight: 400;\">Piora dos sintomas ap\u00f3s o quinto dia ou reaparecimento da febre ap\u00f3s melhora<\/span><\/li>\n<li style=\"font-weight: 400;\" aria-level=\"1\"><span style=\"font-weight: 400;\">Crian\u00e7a muito prostrada, sem interesse por nada, recusando l\u00edquidos<\/span><\/li>\n<li style=\"font-weight: 400;\" aria-level=\"1\"><span style=\"font-weight: 400;\">Manchas roxas ou avermelhadas na pele sem causa aparente<\/span><\/li>\n<li style=\"font-weight: 400;\" aria-level=\"1\"><span style=\"font-weight: 400;\">Dor de cabe\u00e7a intensa ou rigidez no pesco\u00e7o<\/span><\/li>\n<\/ul>\n<p><span style=\"font-weight: 400;\">Crian\u00e7as com hist\u00f3rico de asma, cardiopatia cong\u00eanita ou imunossupress\u00e3o merecem avalia\u00e7\u00e3o pedi\u00e1trica mais precoce diante de qualquer infec\u00e7\u00e3o respirat\u00f3ria.<\/span><\/p>\n<p><b>RESFRIADO FREQUENTE: QUANDO INVESTIGAR?<\/b><\/p>\n<p><span style=\"font-weight: 400;\">Seis a oito resfriados por ano em crian\u00e7as em idade escolar \u00e9 dentro do esperado. Mas alguns padr\u00f5es justificam investiga\u00e7\u00e3o:<\/span><\/p>\n<ul>\n<li style=\"font-weight: 400;\" aria-level=\"1\"><span style=\"font-weight: 400;\">Mais de 10 a 12 infec\u00e7\u00f5es respirat\u00f3rias por ano<\/span><\/li>\n<li style=\"font-weight: 400;\" aria-level=\"1\"><span style=\"font-weight: 400;\">Resfriados que sempre evoluem para otite, sinusite ou bronquite<\/span><\/li>\n<li style=\"font-weight: 400;\" aria-level=\"1\"><span style=\"font-weight: 400;\">Infec\u00e7\u00f5es que demoram muito mais para melhorar do que o esperado<\/span><\/li>\n<li style=\"font-weight: 400;\" aria-level=\"1\"><span style=\"font-weight: 400;\">Infec\u00e7\u00f5es graves ou por agentes incomuns<\/span><\/li>\n<li style=\"font-weight: 400;\" aria-level=\"1\"><span style=\"font-weight: 400;\">Resfriados frequentes em crian\u00e7a que tamb\u00e9m tem<\/span><a href=\"https:\/\/vecordf.com.br\/site\/nariz-entupido-constante-em-criancas-rinite-ou-alergia-alimentar\/\"> <span style=\"font-weight: 400;\">nariz entupido constante<\/span><\/a><span style=\"font-weight: 400;\"> sem infec\u00e7\u00e3o ativa<\/span><\/li>\n<\/ul>\n<p><span style=\"font-weight: 400;\">Nesses casos, a investiga\u00e7\u00e3o de imunodefici\u00eancia, alergia respirat\u00f3ria ou hipertrofia de adenoide pode ser necess\u00e1ria, e o pediatra \u00e9 o profissional capacitado para conduzir essa avalia\u00e7\u00e3o.<\/span><\/p>\n<p><b>A IMPORT\u00c2NCIA DO ACOMPANHAMENTO PEDI\u00c1TRICO<\/b><\/p>\n<p><span style=\"font-weight: 400;\">O acompanhamento regular com o pediatra \u00e9 o que permite identificar padr\u00f5es de adoecimento que v\u00e3o al\u00e9m do esperado para a faixa et\u00e1ria. Uma crian\u00e7a que adoece com frequ\u00eancia excessiva, que sempre evolui para complica\u00e7\u00f5es ou que tem dificuldade de recupera\u00e7\u00e3o pode ter condi\u00e7\u00f5es de base que precisam ser investigadas.<\/span><\/p>\n<p><span style=\"font-weight: 400;\">Al\u00e9m disso, o pediatra \u00e9 o profissional que orienta os pais sobre o que \u00e9 esperado em cada fase do desenvolvimento imunol\u00f3gico, reduz a ansiedade gerada por sintomas comuns e define quando uma conduta expectante \u00e9 segura e quando \u00e9 necess\u00e1rio agir.<\/span><\/p>\n<p><span style=\"font-weight: 400;\">Em Bras\u00edlia, na Asa Sul, a Vecor Especialidades M\u00e9dicas oferece acompanhamento pedi\u00e1trico completo, com avalia\u00e7\u00e3o cl\u00ednica individualizada e orienta\u00e7\u00e3o familiar para o manejo das infec\u00e7\u00f5es respirat\u00f3rias mais comuns na inf\u00e2ncia.<\/span><\/p>\n<p><b>PERGUNTAS FREQUENTES SOBRE RESFRIADO EM CRIAN\u00c7AS<\/b><\/p>\n<ol>\n<li><b> Posso levar minha filha \u00e0 escola com resfriado?<\/b><b><br \/>\n<\/b><span style=\"font-weight: 400;\">Depende dos sintomas. Coriza leve sem febre e comportamento normal geralmente permite a ida \u00e0 escola. Febre, mal-estar intenso e sintomas em pico justificam afastamento para recupera\u00e7\u00e3o e para evitar cont\u00e1gio.<\/span><\/li>\n<li><b> Resfriado pode virar pneumonia?<\/b><b><br \/>\n<\/b><span style=\"font-weight: 400;\">Em crian\u00e7as saud\u00e1veis, essa progress\u00e3o \u00e9 incomum. Mas em crian\u00e7as com fatores de risco, como prematuridade, cardiopatia ou imunossupress\u00e3o, o acompanhamento mais pr\u00f3ximo \u00e9 necess\u00e1rio. Sinais de dificuldade respirat\u00f3ria sempre indicam avalia\u00e7\u00e3o pedi\u00e1trica.<\/span><\/li>\n<li><b> Vitamina C previne resfriado?<\/b><b><br \/>\n<\/b><span style=\"font-weight: 400;\">A evid\u00eancia cient\u00edfica n\u00e3o sustenta que a suplementa\u00e7\u00e3o de vitamina C previne resfriados em crian\u00e7as saud\u00e1veis com alimenta\u00e7\u00e3o equilibrada. Em casos de defici\u00eancia nutricional, a corre\u00e7\u00e3o \u00e9 importante, mas n\u00e3o como estrat\u00e9gia preventiva isolada.<\/span><\/li>\n<li><b> Quanto tempo dura um resfriado em crian\u00e7as?<\/b><b><br \/>\n<\/b><span style=\"font-weight: 400;\">A maioria dos resfriados melhora em sete a dez dias. A tosse pode persistir por at\u00e9 duas a tr\u00eas semanas. Sintomas al\u00e9m desse prazo ou piora ap\u00f3s melhora inicial merecem avalia\u00e7\u00e3o.<\/span><\/li>\n<li><b> Amigdalite \u00e9 a mesma coisa que resfriado?<\/b><b><br \/>\n<\/b><span style=\"font-weight: 400;\">N\u00e3o. A amigdalite \u00e9 uma inflama\u00e7\u00e3o das am\u00edgdalas, que pode ser viral ou bacteriana. O resfriado \u00e9 uma infec\u00e7\u00e3o das vias a\u00e9reas superiores em geral. Elas podem coexistir, mas t\u00eam caracter\u00edsticas e tratamentos distintos.<\/span><\/li>\n<li><b> Crian\u00e7a que mama no peito pega menos resfriado?<\/b><b><br \/>\n<\/b><span style=\"font-weight: 400;\">O aleitamento materno oferece anticorpos que aumentam a prote\u00e7\u00e3o contra algumas infec\u00e7\u00f5es nos primeiros meses de vida. Mas n\u00e3o elimina completamente o risco de resfriados, especialmente ap\u00f3s o desmame ou em contato com muitas crian\u00e7as.<\/span><\/li>\n<\/ol>\n<p><b>CONCLUS\u00c3O<\/b><\/p>\n<p><span style=\"font-weight: 400;\">Resfriado em crian\u00e7a \u00e9 comum, esperado e, na maioria das vezes, n\u00e3o exige mais do que cuidado em casa, paci\u00eancia e boa hidrata\u00e7\u00e3o. O que os pais precisam \u00e9 saber reconhecer quando o quadro sai do curso normal, para agir no momento certo, sem antecipar o m\u00e9dico desnecessariamente nem atrasar quando ele realmente faz falta.<\/span><\/p>\n<p><span style=\"font-weight: 400;\">Se o resfriado do seu filho est\u00e1 durando mais do que o esperado, se os epis\u00f3dios s\u00e3o muito frequentes ou se surgiu qualquer sinal de alerta, n\u00e3o hesite em buscar avalia\u00e7\u00e3o pedi\u00e1trica. Na Vecor Especialidades M\u00e9dicas, em Bras\u00edlia, o acompanhamento pedi\u00e1trico garante que cada fase do desenvolvimento da crian\u00e7a seja conduzida com seguran\u00e7a e orienta\u00e7\u00e3o especializada.<\/span><\/p>\n","protected":false},"excerpt":{"rendered":"<p>Crian\u00e7as resfriadas com frequ\u00eancia \u00e9 comum, mas alguns sinais pedem aten\u00e7\u00e3o m\u00e9dica. Saiba quando o resfriado \u00e9 normal e quando buscar avalia\u00e7\u00e3o pedi\u00e1trica.<\/p>\n","protected":false},"author":1,"featured_media":3368,"comment_status":"open","ping_status":"open","sticky":false,"template":"","format":"standard","meta":{"footnotes":""},"categories":[1],"tags":[],"class_list":["post-3386","post","type-post","status-publish","format-standard","has-post-thumbnail","hentry","category-blog"],"yoast_head":"<!-- This site is optimized with the Yoast SEO plugin v28.2 - https:\/\/yoast.com\/product\/yoast-seo-wordpress\/ -->\n<title>Resfriado em crian\u00e7as: quando \u00e9 normal e quando preocupar os pais? - VECor<\/title>\n<meta name=\"description\" content=\"Crian\u00e7as resfriadas com frequ\u00eancia \u00e9 comum, mas alguns sinais pedem aten\u00e7\u00e3o m\u00e9dica. Saiba quando o resfriado \u00e9 normal e quando buscar avalia\u00e7\u00e3o pedi\u00e1trica.\" \/>\n<meta name=\"robots\" content=\"index, follow, max-snippet:-1, max-image-preview:large, max-video-preview:-1\" \/>\n<link rel=\"canonical\" href=\"https:\/\/vecordf.com.br\/site\/resfriado-em-criancas-quando-e-normal-e-quando-preocupar-os-pais\/\" \/>\n<meta property=\"og:locale\" content=\"pt_BR\" \/>\n<meta property=\"og:type\" content=\"article\" \/>\n<meta property=\"og:title\" content=\"Resfriado em crian\u00e7as: quando \u00e9 normal e quando preocupar os pais? - VECor\" \/>\n<meta property=\"og:description\" content=\"Crian\u00e7as resfriadas com frequ\u00eancia \u00e9 comum, mas alguns sinais pedem aten\u00e7\u00e3o m\u00e9dica. Saiba quando o resfriado \u00e9 normal e quando buscar avalia\u00e7\u00e3o pedi\u00e1trica.\" \/>\n<meta property=\"og:url\" content=\"https:\/\/vecordf.com.br\/site\/resfriado-em-criancas-quando-e-normal-e-quando-preocupar-os-pais\/\" \/>\n<meta property=\"og:site_name\" content=\"VECor\" \/>\n<meta property=\"article:publisher\" content=\"https:\/\/www.facebook.com\/vecor.especialidades\" \/>\n<meta property=\"article:published_time\" content=\"2026-08-25T16:13:07+00:00\" \/>\n<meta property=\"article:modified_time\" content=\"2026-08-30T04:22:27+00:00\" \/>\n<meta property=\"og:image\" content=\"https:\/\/vecordf.com.br\/site\/wp-content\/uploads\/2026\/08\/7-RESFRIADO-EM-CRIANCAS-QUANDO-E-NORMAL-E-QUANDO-PREOCUPAR-OS-PAIS.webp\" \/>\n\t<meta property=\"og:image:width\" content=\"1200\" \/>\n\t<meta property=\"og:image:height\" content=\"896\" \/>\n\t<meta property=\"og:image:type\" content=\"image\/webp\" \/>\n<meta name=\"author\" content=\"VECor Especialidades\" \/>\n<meta name=\"twitter:card\" content=\"summary_large_image\" \/>\n<meta name=\"twitter:label1\" content=\"Escrito por\" \/>\n\t<meta name=\"twitter:data1\" content=\"VECor Especialidades\" \/>\n\t<meta name=\"twitter:label2\" content=\"Est. tempo de leitura\" \/>\n\t<meta name=\"twitter:data2\" content=\"9 minutos\" \/>\n<script type=\"application\/ld+json\" class=\"yoast-schema-graph\">{\"@context\":\"https:\\\/\\\/schema.org\",\"@graph\":[{\"@type\":\"Article\",\"@id\":\"https:\\\/\\\/vecordf.com.br\\\/site\\\/resfriado-em-criancas-quando-e-normal-e-quando-preocupar-os-pais\\\/#article\",\"isPartOf\":{\"@id\":\"https:\\\/\\\/vecordf.com.br\\\/site\\\/resfriado-em-criancas-quando-e-normal-e-quando-preocupar-os-pais\\\/\"},\"author\":{\"name\":\"VECor Especialidades\",\"@id\":\"https:\\\/\\\/vecordf.com.br\\\/site\\\/#\\\/schema\\\/person\\\/abc7be176c57a93d89dbbb4c1f000af9\"},\"headline\":\"Resfriado em crian\u00e7as: quando \u00e9 normal e quando preocupar os pais?\",\"datePublished\":\"2026-08-25T16:13:07+00:00\",\"dateModified\":\"2026-08-30T04:22:27+00:00\",\"mainEntityOfPage\":{\"@id\":\"https:\\\/\\\/vecordf.com.br\\\/site\\\/resfriado-em-criancas-quando-e-normal-e-quando-preocupar-os-pais\\\/\"},\"wordCount\":1803,\"commentCount\":0,\"publisher\":{\"@id\":\"https:\\\/\\\/vecordf.com.br\\\/site\\\/#organization\"},\"image\":{\"@id\":\"https:\\\/\\\/vecordf.com.br\\\/site\\\/resfriado-em-criancas-quando-e-normal-e-quando-preocupar-os-pais\\\/#primaryimage\"},\"thumbnailUrl\":\"https:\\\/\\\/vecordf.com.br\\\/site\\\/wp-content\\\/uploads\\\/2026\\\/08\\\/7-RESFRIADO-EM-CRIANCAS-QUANDO-E-NORMAL-E-QUANDO-PREOCUPAR-OS-PAIS.webp\",\"articleSection\":[\"Blog\"],\"inLanguage\":\"pt-BR\",\"potentialAction\":[{\"@type\":\"CommentAction\",\"name\":\"Comment\",\"target\":[\"https:\\\/\\\/vecordf.com.br\\\/site\\\/resfriado-em-criancas-quando-e-normal-e-quando-preocupar-os-pais\\\/#respond\"]}]},{\"@type\":\"WebPage\",\"@id\":\"https:\\\/\\\/vecordf.com.br\\\/site\\\/resfriado-em-criancas-quando-e-normal-e-quando-preocupar-os-pais\\\/\",\"url\":\"https:\\\/\\\/vecordf.com.br\\\/site\\\/resfriado-em-criancas-quando-e-normal-e-quando-preocupar-os-pais\\\/\",\"name\":\"Resfriado em crian\u00e7as: quando \u00e9 normal e quando preocupar os pais? - VECor\",\"isPartOf\":{\"@id\":\"https:\\\/\\\/vecordf.com.br\\\/site\\\/#website\"},\"primaryImageOfPage\":{\"@id\":\"https:\\\/\\\/vecordf.com.br\\\/site\\\/resfriado-em-criancas-quando-e-normal-e-quando-preocupar-os-pais\\\/#primaryimage\"},\"image\":{\"@id\":\"https:\\\/\\\/vecordf.com.br\\\/site\\\/resfriado-em-criancas-quando-e-normal-e-quando-preocupar-os-pais\\\/#primaryimage\"},\"thumbnailUrl\":\"https:\\\/\\\/vecordf.com.br\\\/site\\\/wp-content\\\/uploads\\\/2026\\\/08\\\/7-RESFRIADO-EM-CRIANCAS-QUANDO-E-NORMAL-E-QUANDO-PREOCUPAR-OS-PAIS.webp\",\"datePublished\":\"2026-08-25T16:13:07+00:00\",\"dateModified\":\"2026-08-30T04:22:27+00:00\",\"description\":\"Crian\u00e7as resfriadas com frequ\u00eancia \u00e9 comum, mas alguns sinais pedem aten\u00e7\u00e3o m\u00e9dica. Saiba quando o resfriado \u00e9 normal e quando buscar avalia\u00e7\u00e3o pedi\u00e1trica.\",\"breadcrumb\":{\"@id\":\"https:\\\/\\\/vecordf.com.br\\\/site\\\/resfriado-em-criancas-quando-e-normal-e-quando-preocupar-os-pais\\\/#breadcrumb\"},\"inLanguage\":\"pt-BR\",\"potentialAction\":[{\"@type\":\"ReadAction\",\"target\":[\"https:\\\/\\\/vecordf.com.br\\\/site\\\/resfriado-em-criancas-quando-e-normal-e-quando-preocupar-os-pais\\\/\"]}]},{\"@type\":\"ImageObject\",\"inLanguage\":\"pt-BR\",\"@id\":\"https:\\\/\\\/vecordf.com.br\\\/site\\\/resfriado-em-criancas-quando-e-normal-e-quando-preocupar-os-pais\\\/#primaryimage\",\"url\":\"https:\\\/\\\/vecordf.com.br\\\/site\\\/wp-content\\\/uploads\\\/2026\\\/08\\\/7-RESFRIADO-EM-CRIANCAS-QUANDO-E-NORMAL-E-QUANDO-PREOCUPAR-OS-PAIS.webp\",\"contentUrl\":\"https:\\\/\\\/vecordf.com.br\\\/site\\\/wp-content\\\/uploads\\\/2026\\\/08\\\/7-RESFRIADO-EM-CRIANCAS-QUANDO-E-NORMAL-E-QUANDO-PREOCUPAR-OS-PAIS.webp\",\"width\":1200,\"height\":896},{\"@type\":\"BreadcrumbList\",\"@id\":\"https:\\\/\\\/vecordf.com.br\\\/site\\\/resfriado-em-criancas-quando-e-normal-e-quando-preocupar-os-pais\\\/#breadcrumb\",\"itemListElement\":[{\"@type\":\"ListItem\",\"position\":1,\"name\":\"In\u00edcio\",\"item\":\"https:\\\/\\\/vecordf.com.br\\\/site\\\/\"},{\"@type\":\"ListItem\",\"position\":2,\"name\":\"Resfriado em crian\u00e7as: quando \u00e9 normal e quando preocupar os pais?\"}]},{\"@type\":\"WebSite\",\"@id\":\"https:\\\/\\\/vecordf.com.br\\\/site\\\/#website\",\"url\":\"https:\\\/\\\/vecordf.com.br\\\/site\\\/\",\"name\":\"VECor\",\"description\":\"Especialidades M\u00e9dicas\",\"publisher\":{\"@id\":\"https:\\\/\\\/vecordf.com.br\\\/site\\\/#organization\"},\"potentialAction\":[{\"@type\":\"SearchAction\",\"target\":{\"@type\":\"EntryPoint\",\"urlTemplate\":\"https:\\\/\\\/vecordf.com.br\\\/site\\\/?s={search_term_string}\"},\"query-input\":{\"@type\":\"PropertyValueSpecification\",\"valueRequired\":true,\"valueName\":\"search_term_string\"}}],\"inLanguage\":\"pt-BR\"},{\"@type\":\"Organization\",\"@id\":\"https:\\\/\\\/vecordf.com.br\\\/site\\\/#organization\",\"name\":\"VECor\",\"url\":\"https:\\\/\\\/vecordf.com.br\\\/site\\\/\",\"logo\":{\"@type\":\"ImageObject\",\"inLanguage\":\"pt-BR\",\"@id\":\"https:\\\/\\\/vecordf.com.br\\\/site\\\/#\\\/schema\\\/logo\\\/image\\\/\",\"url\":\"https:\\\/\\\/vecordf.com.br\\\/site\\\/wp-content\\\/uploads\\\/2024\\\/08\\\/webp__LOGO-VERTICAL.webp\",\"contentUrl\":\"https:\\\/\\\/vecordf.com.br\\\/site\\\/wp-content\\\/uploads\\\/2024\\\/08\\\/webp__LOGO-VERTICAL.webp\",\"width\":1384,\"height\":352,\"caption\":\"VECor\"},\"image\":{\"@id\":\"https:\\\/\\\/vecordf.com.br\\\/site\\\/#\\\/schema\\\/logo\\\/image\\\/\"},\"sameAs\":[\"https:\\\/\\\/www.facebook.com\\\/vecor.especialidades\",\"https:\\\/\\\/www.instagram.com\\\/vecor.especialidades\\\/\",\"https:\\\/\\\/www.youtube.com\\\/channel\\\/UC9BWzeG8aRbBTCdVrPyVgeA\"]},{\"@type\":\"Person\",\"@id\":\"https:\\\/\\\/vecordf.com.br\\\/site\\\/#\\\/schema\\\/person\\\/abc7be176c57a93d89dbbb4c1f000af9\",\"name\":\"VECor Especialidades\",\"image\":{\"@type\":\"ImageObject\",\"inLanguage\":\"pt-BR\",\"@id\":\"https:\\\/\\\/vecordf.com.br\\\/site\\\/wp-content\\\/litespeed\\\/avatar\\\/cf4bfec76498f26c14cff301ed53c9be.jpg?ver=1787671611\",\"url\":\"https:\\\/\\\/vecordf.com.br\\\/site\\\/wp-content\\\/litespeed\\\/avatar\\\/cf4bfec76498f26c14cff301ed53c9be.jpg?ver=1787671611\",\"contentUrl\":\"https:\\\/\\\/vecordf.com.br\\\/site\\\/wp-content\\\/litespeed\\\/avatar\\\/cf4bfec76498f26c14cff301ed53c9be.jpg?ver=1787671611\",\"caption\":\"VECor Especialidades\"},\"sameAs\":[\"http:\\\/\\\/vecordf1.hospedagemdesites.ws\"],\"url\":\"https:\\\/\\\/vecordf.com.br\\\/site\\\/author\\\/admin\\\/\"}]}<\/script>\n<!-- \/ Yoast SEO plugin. -->","yoast_head_json":{"title":"Resfriado em crian\u00e7as: quando \u00e9 normal e quando preocupar os pais? - VECor","description":"Crian\u00e7as resfriadas com frequ\u00eancia \u00e9 comum, mas alguns sinais pedem aten\u00e7\u00e3o m\u00e9dica. Saiba quando o resfriado \u00e9 normal e quando buscar avalia\u00e7\u00e3o pedi\u00e1trica.","robots":{"index":"index","follow":"follow","max-snippet":"max-snippet:-1","max-image-preview":"max-image-preview:large","max-video-preview":"max-video-preview:-1"},"canonical":"https:\/\/vecordf.com.br\/site\/resfriado-em-criancas-quando-e-normal-e-quando-preocupar-os-pais\/","og_locale":"pt_BR","og_type":"article","og_title":"Resfriado em crian\u00e7as: quando \u00e9 normal e quando preocupar os pais? - VECor","og_description":"Crian\u00e7as resfriadas com frequ\u00eancia \u00e9 comum, mas alguns sinais pedem aten\u00e7\u00e3o m\u00e9dica. Saiba quando o resfriado \u00e9 normal e quando buscar avalia\u00e7\u00e3o pedi\u00e1trica.","og_url":"https:\/\/vecordf.com.br\/site\/resfriado-em-criancas-quando-e-normal-e-quando-preocupar-os-pais\/","og_site_name":"VECor","article_publisher":"https:\/\/www.facebook.com\/vecor.especialidades","article_published_time":"2026-08-25T16:13:07+00:00","article_modified_time":"2026-08-30T04:22:27+00:00","og_image":[{"width":1200,"height":896,"url":"https:\/\/vecordf.com.br\/site\/wp-content\/uploads\/2026\/08\/7-RESFRIADO-EM-CRIANCAS-QUANDO-E-NORMAL-E-QUANDO-PREOCUPAR-OS-PAIS.webp","type":"image\/webp"}],"author":"VECor Especialidades","twitter_card":"summary_large_image","twitter_misc":{"Escrito por":"VECor Especialidades","Est. tempo de leitura":"9 minutos"},"schema":{"@context":"https:\/\/schema.org","@graph":[{"@type":"Article","@id":"https:\/\/vecordf.com.br\/site\/resfriado-em-criancas-quando-e-normal-e-quando-preocupar-os-pais\/#article","isPartOf":{"@id":"https:\/\/vecordf.com.br\/site\/resfriado-em-criancas-quando-e-normal-e-quando-preocupar-os-pais\/"},"author":{"name":"VECor Especialidades","@id":"https:\/\/vecordf.com.br\/site\/#\/schema\/person\/abc7be176c57a93d89dbbb4c1f000af9"},"headline":"Resfriado em crian\u00e7as: quando \u00e9 normal e quando preocupar os pais?","datePublished":"2026-08-25T16:13:07+00:00","dateModified":"2026-08-30T04:22:27+00:00","mainEntityOfPage":{"@id":"https:\/\/vecordf.com.br\/site\/resfriado-em-criancas-quando-e-normal-e-quando-preocupar-os-pais\/"},"wordCount":1803,"commentCount":0,"publisher":{"@id":"https:\/\/vecordf.com.br\/site\/#organization"},"image":{"@id":"https:\/\/vecordf.com.br\/site\/resfriado-em-criancas-quando-e-normal-e-quando-preocupar-os-pais\/#primaryimage"},"thumbnailUrl":"https:\/\/vecordf.com.br\/site\/wp-content\/uploads\/2026\/08\/7-RESFRIADO-EM-CRIANCAS-QUANDO-E-NORMAL-E-QUANDO-PREOCUPAR-OS-PAIS.webp","articleSection":["Blog"],"inLanguage":"pt-BR","potentialAction":[{"@type":"CommentAction","name":"Comment","target":["https:\/\/vecordf.com.br\/site\/resfriado-em-criancas-quando-e-normal-e-quando-preocupar-os-pais\/#respond"]}]},{"@type":"WebPage","@id":"https:\/\/vecordf.com.br\/site\/resfriado-em-criancas-quando-e-normal-e-quando-preocupar-os-pais\/","url":"https:\/\/vecordf.com.br\/site\/resfriado-em-criancas-quando-e-normal-e-quando-preocupar-os-pais\/","name":"Resfriado em crian\u00e7as: quando \u00e9 normal e quando preocupar os pais? - VECor","isPartOf":{"@id":"https:\/\/vecordf.com.br\/site\/#website"},"primaryImageOfPage":{"@id":"https:\/\/vecordf.com.br\/site\/resfriado-em-criancas-quando-e-normal-e-quando-preocupar-os-pais\/#primaryimage"},"image":{"@id":"https:\/\/vecordf.com.br\/site\/resfriado-em-criancas-quando-e-normal-e-quando-preocupar-os-pais\/#primaryimage"},"thumbnailUrl":"https:\/\/vecordf.com.br\/site\/wp-content\/uploads\/2026\/08\/7-RESFRIADO-EM-CRIANCAS-QUANDO-E-NORMAL-E-QUANDO-PREOCUPAR-OS-PAIS.webp","datePublished":"2026-08-25T16:13:07+00:00","dateModified":"2026-08-30T04:22:27+00:00","description":"Crian\u00e7as resfriadas com frequ\u00eancia \u00e9 comum, mas alguns sinais pedem aten\u00e7\u00e3o m\u00e9dica. Saiba quando o resfriado \u00e9 normal e quando buscar avalia\u00e7\u00e3o pedi\u00e1trica.","breadcrumb":{"@id":"https:\/\/vecordf.com.br\/site\/resfriado-em-criancas-quando-e-normal-e-quando-preocupar-os-pais\/#breadcrumb"},"inLanguage":"pt-BR","potentialAction":[{"@type":"ReadAction","target":["https:\/\/vecordf.com.br\/site\/resfriado-em-criancas-quando-e-normal-e-quando-preocupar-os-pais\/"]}]},{"@type":"ImageObject","inLanguage":"pt-BR","@id":"https:\/\/vecordf.com.br\/site\/resfriado-em-criancas-quando-e-normal-e-quando-preocupar-os-pais\/#primaryimage","url":"https:\/\/vecordf.com.br\/site\/wp-content\/uploads\/2026\/08\/7-RESFRIADO-EM-CRIANCAS-QUANDO-E-NORMAL-E-QUANDO-PREOCUPAR-OS-PAIS.webp","contentUrl":"https:\/\/vecordf.com.br\/site\/wp-content\/uploads\/2026\/08\/7-RESFRIADO-EM-CRIANCAS-QUANDO-E-NORMAL-E-QUANDO-PREOCUPAR-OS-PAIS.webp","width":1200,"height":896},{"@type":"BreadcrumbList","@id":"https:\/\/vecordf.com.br\/site\/resfriado-em-criancas-quando-e-normal-e-quando-preocupar-os-pais\/#breadcrumb","itemListElement":[{"@type":"ListItem","position":1,"name":"In\u00edcio","item":"https:\/\/vecordf.com.br\/site\/"},{"@type":"ListItem","position":2,"name":"Resfriado em crian\u00e7as: quando \u00e9 normal e quando preocupar os pais?"}]},{"@type":"WebSite","@id":"https:\/\/vecordf.com.br\/site\/#website","url":"https:\/\/vecordf.com.br\/site\/","name":"VECor","description":"Especialidades M\u00e9dicas","publisher":{"@id":"https:\/\/vecordf.com.br\/site\/#organization"},"potentialAction":[{"@type":"SearchAction","target":{"@type":"EntryPoint","urlTemplate":"https:\/\/vecordf.com.br\/site\/?s={search_term_string}"},"query-input":{"@type":"PropertyValueSpecification","valueRequired":true,"valueName":"search_term_string"}}],"inLanguage":"pt-BR"},{"@type":"Organization","@id":"https:\/\/vecordf.com.br\/site\/#organization","name":"VECor","url":"https:\/\/vecordf.com.br\/site\/","logo":{"@type":"ImageObject","inLanguage":"pt-BR","@id":"https:\/\/vecordf.com.br\/site\/#\/schema\/logo\/image\/","url":"https:\/\/vecordf.com.br\/site\/wp-content\/uploads\/2024\/08\/webp__LOGO-VERTICAL.webp","contentUrl":"https:\/\/vecordf.com.br\/site\/wp-content\/uploads\/2024\/08\/webp__LOGO-VERTICAL.webp","width":1384,"height":352,"caption":"VECor"},"image":{"@id":"https:\/\/vecordf.com.br\/site\/#\/schema\/logo\/image\/"},"sameAs":["https:\/\/www.facebook.com\/vecor.especialidades","https:\/\/www.instagram.com\/vecor.especialidades\/","https:\/\/www.youtube.com\/channel\/UC9BWzeG8aRbBTCdVrPyVgeA"]},{"@type":"Person","@id":"https:\/\/vecordf.com.br\/site\/#\/schema\/person\/abc7be176c57a93d89dbbb4c1f000af9","name":"VECor Especialidades","image":{"@type":"ImageObject","inLanguage":"pt-BR","@id":"https:\/\/vecordf.com.br\/site\/wp-content\/litespeed\/avatar\/cf4bfec76498f26c14cff301ed53c9be.jpg?ver=1787671611","url":"https:\/\/vecordf.com.br\/site\/wp-content\/litespeed\/avatar\/cf4bfec76498f26c14cff301ed53c9be.jpg?ver=1787671611","contentUrl":"https:\/\/vecordf.com.br\/site\/wp-content\/litespeed\/avatar\/cf4bfec76498f26c14cff301ed53c9be.jpg?ver=1787671611","caption":"VECor Especialidades"},"sameAs":["http:\/\/vecordf1.hospedagemdesites.ws"],"url":"https:\/\/vecordf.com.br\/site\/author\/admin\/"}]}},"_links":{"self":[{"href":"https:\/\/vecordf.com.br\/site\/wp-json\/wp\/v2\/posts\/3386","targetHints":{"allow":["GET"]}}],"collection":[{"href":"https:\/\/vecordf.com.br\/site\/wp-json\/wp\/v2\/posts"}],"about":[{"href":"https:\/\/vecordf.com.br\/site\/wp-json\/wp\/v2\/types\/post"}],"author":[{"embeddable":true,"href":"https:\/\/vecordf.com.br\/site\/wp-json\/wp\/v2\/users\/1"}],"replies":[{"embeddable":true,"href":"https:\/\/vecordf.com.br\/site\/wp-json\/wp\/v2\/comments?post=3386"}],"version-history":[{"count":1,"href":"https:\/\/vecordf.com.br\/site\/wp-json\/wp\/v2\/posts\/3386\/revisions"}],"predecessor-version":[{"id":3387,"href":"https:\/\/vecordf.com.br\/site\/wp-json\/wp\/v2\/posts\/3386\/revisions\/3387"}],"wp:featuredmedia":[{"embeddable":true,"href":"https:\/\/vecordf.com.br\/site\/wp-json\/wp\/v2\/media\/3368"}],"wp:attachment":[{"href":"https:\/\/vecordf.com.br\/site\/wp-json\/wp\/v2\/media?parent=3386"}],"wp:term":[{"taxonomy":"category","embeddable":true,"href":"https:\/\/vecordf.com.br\/site\/wp-json\/wp\/v2\/categories?post=3386"},{"taxonomy":"post_tag","embeddable":true,"href":"https:\/\/vecordf.com.br\/site\/wp-json\/wp\/v2\/tags?post=3386"}],"curies":[{"name":"wp","href":"https:\/\/api.w.org\/{rel}","templated":true}]}}